{"id":7,"date":"2014-03-11T15:33:56","date_gmt":"2014-03-11T13:33:56","guid":{"rendered":"http:\/\/atelier-inter-kultur.de\/?p=7"},"modified":"2016-06-22T10:58:05","modified_gmt":"2016-06-22T08:58:05","slug":"ich-ist-ein-teil-von-dir","status":"publish","type":"post","link":"https:\/\/atelier-inter-kultur.de\/fr\/ich-ist-ein-teil-von-dir\/","title":{"rendered":"Je est une partie de toi"},"content":{"rendered":"<p><a href=\"https:\/\/atelier-inter-kultur.de\/wp-content\/uploads\/2014\/03\/Ich_Teil_von_dir-6.jpg\"><img loading=\"lazy\" decoding=\"async\" class=\"wp-image-162 alignleft\" src=\"https:\/\/atelier-inter-kultur.de\/wp-content\/uploads\/2014\/03\/Ich_Teil_von_dir-6-199x300.jpg\" alt=\"Theaterschule Flensburg\" width=\"119\" height=\"180\" srcset=\"https:\/\/atelier-inter-kultur.de\/wp-content\/uploads\/2014\/03\/Ich_Teil_von_dir-6-199x300.jpg 199w, https:\/\/atelier-inter-kultur.de\/wp-content\/uploads\/2014\/03\/Ich_Teil_von_dir-6-681x1024.jpg 681w, https:\/\/atelier-inter-kultur.de\/wp-content\/uploads\/2014\/03\/Ich_Teil_von_dir-6-99x150.jpg 99w\" sizes=\"(max-width: 119px) 100vw, 119px\" \/><\/a>Une exploration de l\u2019identit\u00e9<br \/>\n\u201e<em>Il y a toujours un peu de nous en autrui, un peu de l\u2019autre en nous<\/em>\u201c \u00e9crit le philosophe fran\u00e7ais <a href=\"http:\/\/de.wikipedia.org\/wiki\/Oscar_Brenifier\" target=\"_blank\">Oscar Br\u00e9nifier<\/a> dans son \u00ab\u00a0livre\u00a0des grands contraires psychologiques\u00a0\u00bb (r\u00e9\u00e9dit\u00e9 chez Nathan en 2013 sous le tire\u00a0\u00a0Moi et mon contraire). Les \u00e9l\u00e8ves de l\u2019\u00e9cole de th\u00e9\u00e2tre de Flensburg ont pris les questions de caract\u00e8re comme point de d\u00e9part pour se pencher sur la grande question \u00ab\u00a0qui suis-je\u00a0?\u00a0\u00bb. Gr\u00e2ce \u00e0 des jeux de th\u00e9\u00e2tre mais aussi des discussions philosophiques, ils ont pos\u00e9 cette question et beaucoup d&rsquo;autres:<br \/>\nEt si j&rsquo;etais quelqu&rsquo;un d&rsquo;autre?<br \/>\nQuelles sont mes pr\u00e9f\u00e9rances, mes go\u00fbts? Sont-ils si diff\u00e9rents de ceux des autres?<br \/>\nEst-ce utile de savoir qui l&rsquo;on est?<br \/>\nQui voudrais-je devenir?<br \/>\nEst-ce que les adultes savent qui ils sont?<br \/>\nAvec leurs corps et leurs caract\u00e8res, leurs id\u00e9es et beaucoup d&rsquo;humour, ils se sont mis \u00e0 la recherche du \u00ab\u00a0moi\u00a0\u00bb. Finalement, les \u00e9l\u00e8ves de l\u2019\u00e9cole de th\u00e9\u00e2tre de Flensburg ont mis en sc\u00e8ne une incitation ludique \u00e0 r\u00e9fl\u00e9chir sur soi-m\u00eame.<\/p>\n<ul>\n<li>Groupe annuel, 3h\/semaine, 80h en tout.<\/li>\n<li>9 \u2013 13 ans<\/li>\n<li>2013<\/li>\n<\/ul>\n<p><style id=\"bwg-style-1\">    #bwg_container1_1 #bwg_container2_1 .bwg-container-1.bwg-standard-thumbnails {      width: 904px;              justify-content: center;        margin:0 auto !important;              background-color: rgba(255, 255, 255, 0.00);            padding-left: 4px;      padding-top: 4px;      max-width: 100%;            }        #bwg_container1_1 #bwg_container2_1 .bwg-container-1.bwg-standard-thumbnails .bwg-item {    justify-content: flex-start;      max-width: 180px;            width: 180px !important;          }    #bwg_container1_1 #bwg_container2_1 .bwg-container-1.bwg-standard-thumbnails .bwg-item a {       margin-right: 4px;       margin-bottom: 4px;    }    #bwg_container1_1 #bwg_container2_1 .bwg-container-1.bwg-standard-thumbnails .bwg-item0 {      padding: 0px;            background-color:rgba(255,255,255, 0.30);      border: 0px none #CCCCCC;      opacity: 1.00;      border-radius: 0;      box-shadow: 0px 0px 0px #888888;    }    #bwg_container1_1 #bwg_container2_1 .bwg-container-1.bwg-standard-thumbnails .bwg-item1 img {      max-height: none;      max-width: none;      padding: 0 !important;    }        @media only screen and (min-width: 480px) {      #bwg_container1_1 #bwg_container2_1 .bwg-container-1.bwg-standard-thumbnails .bwg-item0 {        transition: all 0.3s ease 0s;-webkit-transition: all 0.3s ease 0s;      }      #bwg_container1_1 #bwg_container2_1 .bwg-container-1.bwg-standard-thumbnails .bwg-item0:hover {        -ms-transform: scale(1.1);        -webkit-transform: scale(1.1);        transform: scale(1.1);      }    }          #bwg_container1_1 #bwg_container2_1 .bwg-container-1.bwg-standard-thumbnails .bwg-item1 {      padding-top: 50%;    }        #bwg_container1_1 #bwg_container2_1 .bwg-container-1.bwg-standard-thumbnails .bwg-title2,    #bwg_container1_1 #bwg_container2_1 .bwg-container-1.bwg-standard-thumbnails .bwg-ecommerce2 {      color: #CCCCCC;      font-family: segoe ui;      font-size: 16px;      font-weight: bold;      padding: 2px;      text-shadow: 0px 0px 0px #888888;      max-height: 100%;    }    #bwg_container1_1 #bwg_container2_1 .bwg-container-1.bwg-standard-thumbnails .bwg-thumb-description span {    color: #323A45;    font-family: Ubuntu;    font-size: 12px;    max-height: 100%;    word-wrap: break-word;    }    #bwg_container1_1 #bwg_container2_1 .bwg-container-1.bwg-standard-thumbnails .bwg-play-icon2 {      font-size: 32px;    }    #bwg_container1_1 #bwg_container2_1 .bwg-container-1.bwg-standard-thumbnails .bwg-ecommerce2 {      font-size: 19.2px;      color: #CCCCCC;    }    <\/style>    <div id=\"bwg_container1_1\"         class=\"bwg_container bwg_thumbnail bwg_thumbnails \"         data-right-click-protection=\"0\"         data-bwg=\"1\"         data-scroll=\"0\"         data-gallery-type=\"thumbnails\"         data-gallery-view-type=\"thumbnails\"         data-current-url=\"\/fr\/wp-json\/wp\/v2\/posts\/7\"         data-lightbox-url=\"https:\/\/atelier-inter-kultur.de\/wp-admin\/admin-ajax.php?action=GalleryBox&#038;current_view=1&#038;gallery_id=3&#038;tag=0&#038;theme_id=1&#038;shortcode_id=6&#038;sort_by=order&#038;order_by=asc&#038;current_url=%2Ffr%2Fwp-json%2Fwp%2Fv2%2Fposts%2F7\"         data-gallery-id=\"3\"         data-popup-width=\"800\"         data-popup-height=\"500\"         data-is-album=\"gallery\"         data-buttons-position=\"bottom\">      <div id=\"bwg_container2_1\">             <div id=\"ajax_loading_1\" class=\"bwg_loading_div_1\">      <div class=\"bwg_loading_div_2\">        <div class=\"bwg_loading_div_3\">          <div id=\"loading_div_1\" class=\"bwg_spider_ajax_loading\">          <\/div>        <\/div>      <\/div>    <\/div>            <form id=\"gal_front_form_1\"              class=\"bwg-hidden\"              method=\"post\"              action=\"#\"              data-current=\"1\"              data-shortcode-id=\"6\"              data-gallery-type=\"thumbnails\"              data-gallery-id=\"3\"              data-tag=\"0\"              data-album-id=\"0\"              data-theme-id=\"1\"              data-ajax-url=\"https:\/\/atelier-inter-kultur.de\/wp-admin\/admin-ajax.php?action=bwg_frontend_data\">          <div id=\"bwg_container3_1\" class=\"bwg-background bwg-background-1\">                <div data-max-count=\"5\"         data-thumbnail-width=\"180\"         data-bwg=\"1\"         data-gallery-id=\"3\"         data-lightbox-url=\"https:\/\/atelier-inter-kultur.de\/wp-admin\/admin-ajax.php?action=GalleryBox&amp;current_view=1&amp;gallery_id=3&amp;tag=0&amp;theme_id=1&amp;shortcode_id=6&amp;sort_by=order&amp;order_by=asc&amp;current_url=%2Ffr%2Fwp-json%2Fwp%2Fv2%2Fposts%2F7\"         id=\"bwg_thumbnails_1\"         class=\"bwg-container-1 bwg-thumbnails bwg-standard-thumbnails bwg-container bwg-border-box\">            <div class=\"bwg-item\">        <a class=\"bwg-a \"  data-elementor-open-lightbox=\"no\">                <div class=\"bwg-item0 \">          <div class=\"bwg-item1 \">            <div class=\"bwg-item2\">              <img decoding=\"async\" class=\"skip-lazy bwg_standart_thumb_img_1 \"                   data-id=\"54\"                   data-width=\"\"                   data-height=\"\"                   data-src=\"https:\/\/atelier-inter-kultur.de\/wp-content\/uploads\/photo-gallery\/thumb\/Ich_Teil_von_dir-8.jpg\"                   src=\"https:\/\/atelier-inter-kultur.de\/wp-content\/uploads\/photo-gallery\/thumb\/Ich_Teil_von_dir-8.jpg\"                   alt=\"Ich ist ein Teil von Dir - Regie Lucie Morin \"                   title=\"Ich ist ein Teil von Dir - Regie Lucie Morin \" \/>            <\/div>            <div class=\"\">                                                      <\/div>          <\/div>        <\/div>                        <\/a>              <\/div>            <div class=\"bwg-item\">        <a class=\"bwg-a \"  data-elementor-open-lightbox=\"no\">                <div class=\"bwg-item0 \">          <div class=\"bwg-item1 \">            <div class=\"bwg-item2\">              <img decoding=\"async\" class=\"skip-lazy bwg_standart_thumb_img_1 \"                   data-id=\"53\"                   data-width=\"\"                   data-height=\"\"                   data-src=\"https:\/\/atelier-inter-kultur.de\/wp-content\/uploads\/photo-gallery\/thumb\/Ich_Teil_von_dir-6.jpg\"                   src=\"https:\/\/atelier-inter-kultur.de\/wp-content\/uploads\/photo-gallery\/thumb\/Ich_Teil_von_dir-6.jpg\"                   alt=\"Ich ist ein Teil von Dir - Regie Lucie Morin \"                   title=\"Ich ist ein Teil von Dir - Regie Lucie Morin \" \/>            <\/div>            <div class=\"\">                                                      <\/div>          <\/div>        <\/div>                        <\/a>              <\/div>            <div class=\"bwg-item\">        <a class=\"bwg-a \"  data-elementor-open-lightbox=\"no\">                <div class=\"bwg-item0 \">          <div class=\"bwg-item1 \">            <div class=\"bwg-item2\">              <img decoding=\"async\" class=\"skip-lazy bwg_standart_thumb_img_1 \"                   data-id=\"52\"                   data-width=\"\"                   data-height=\"\"                   data-src=\"https:\/\/atelier-inter-kultur.de\/wp-content\/uploads\/photo-gallery\/thumb\/Ich_Teil_von_dir-5.jpg\"                   src=\"https:\/\/atelier-inter-kultur.de\/wp-content\/uploads\/photo-gallery\/thumb\/Ich_Teil_von_dir-5.jpg\"                   alt=\"Ich ist ein Teil von Dir - Regie Lucie Morin \"                   title=\"Ich ist ein Teil von Dir - Regie Lucie Morin \" \/>            <\/div>            <div class=\"\">                                                      <\/div>          <\/div>        <\/div>                        <\/a>              <\/div>            <div class=\"bwg-item\">        <a class=\"bwg-a \"  data-elementor-open-lightbox=\"no\">                <div class=\"bwg-item0 \">          <div class=\"bwg-item1 \">            <div class=\"bwg-item2\">              <img decoding=\"async\" class=\"skip-lazy bwg_standart_thumb_img_1 \"                   data-id=\"51\"                   data-width=\"\"                   data-height=\"\"                   data-src=\"https:\/\/atelier-inter-kultur.de\/wp-content\/uploads\/photo-gallery\/thumb\/Ich_Teil_von_dir-2.jpg\"                   src=\"https:\/\/atelier-inter-kultur.de\/wp-content\/uploads\/photo-gallery\/thumb\/Ich_Teil_von_dir-2.jpg\"                   alt=\"Ich ist ein Teil von Dir - Regie Lucie Morin \"                   title=\"Ich ist ein Teil von Dir - Regie Lucie Morin \" \/>            <\/div>            <div class=\"\">                                                      <\/div>          <\/div>        <\/div>                        <\/a>              <\/div>            <div class=\"bwg-item\">        <a class=\"bwg-a \"  data-elementor-open-lightbox=\"no\">                <div class=\"bwg-item0 \">          <div class=\"bwg-item1 \">            <div class=\"bwg-item2\">              <img decoding=\"async\" class=\"skip-lazy bwg_standart_thumb_img_1 \"                   data-id=\"50\"                   data-width=\"\"                   data-height=\"\"                   data-src=\"https:\/\/atelier-inter-kultur.de\/wp-content\/uploads\/photo-gallery\/thumb\/Ich_Teil_von_dir-1.jpg\"                   src=\"https:\/\/atelier-inter-kultur.de\/wp-content\/uploads\/photo-gallery\/thumb\/Ich_Teil_von_dir-1.jpg\"                   alt=\"Ich ist ein Teil von Dir - Regie Lucie Morin \"                   title=\"Ich ist ein Teil von Dir - Regie Lucie Morin \" \/>            <\/div>            <div class=\"\">                                                      <\/div>          <\/div>        <\/div>                        <\/a>              <\/div>          <\/div>    <style>      \/*pagination styles*\/      #bwg_container1_1 #bwg_container2_1 .tablenav-pages_1 {\t\t\t\ttext-align: center;\t\t\t\tfont-size: 12px;\t\t\t\tfont-family: segoe ui;\t\t\t\tfont-weight: bold;\t\t\t\tcolor: #666666;\t\t\t\tmargin: 6px 0 4px;\t\t\t\tdisplay: block;      }      @media only screen and (max-width : 320px) {      #bwg_container1_1 #bwg_container2_1 .displaying-num_1 {     \t display: none;      }      }      #bwg_container1_1 #bwg_container2_1 .displaying-num_1 {\t\t\t\tfont-size: 12px;\t\t\t\tfont-family: segoe ui;\t\t\t\tfont-weight: bold;\t\t\t\tcolor: #666666;\t\t\t\tmargin-right: 10px;\t\t\t\tvertical-align: middle;      }      #bwg_container1_1 #bwg_container2_1 .paging-input_1 {\t\t\t\tfont-size: 12px;\t\t\t\tfont-family: segoe ui;\t\t\t\tfont-weight: bold;\t\t\t\tcolor: #666666;\t\t\t\tvertical-align: middle;      }      #bwg_container1_1 #bwg_container2_1 .tablenav-pages_1 a.disabled,      #bwg_container1_1 #bwg_container2_1 .tablenav-pages_1 a.disabled:hover,      #bwg_container1_1 #bwg_container2_1 .tablenav-pages_1 a.disabled:focus,\t\t\t#bwg_container1_1 #bwg_container2_1 .tablenav-pages_1 input.bwg_current_page {\t\t\t\tcursor: default;\t\t\t\tcolor: rgba(102, 102, 102, 0.5);      }      #bwg_container1_1 #bwg_container2_1 .tablenav-pages_1 a,      #bwg_container1_1 #bwg_container2_1 .tablenav-pages_1 input.bwg_current_page {\t\t\t\tcursor: pointer;\t\t\t\ttext-align: center;\t\t\t\tfont-size: 12px;\t\t\t\tfont-family: segoe ui;\t\t\t\tfont-weight: bold;\t\t\t\tcolor: #666666;\t\t\t\ttext-decoration: none;\t\t\t\tpadding: 3px 6px;\t\t\t\tmargin: 0;\t\t\t\tborder-radius: 0;\t\t\t\tborder-style: solid;\t\t\t\tborder-width: 1px;\t\t\t\tborder-color: #E3E3E3;\t\t\t\t\t\t\t\tbackground-color: rgba(255, 255, 255, 1.00);\t\t\t\tbox-shadow: 0;\t\t\t\ttransition: all 0.3s ease 0s;-webkit-transition: all 0.3s ease 0s;      }      <\/style>      <span class=\"bwg_nav_cont_1\">              <div class=\"tablenav-pages_1\">                  <\/div>                <input type=\"hidden\" id=\"page_number_1\" name=\"page_number_1\" value=\"1\" \/>      <script type=\"text\/javascript\">        if( jQuery('.bwg_nav_cont_1').length > 1 ) {          jQuery('.bwg_nav_cont_1').first().remove()        }        function spider_page_1(cur, x, y, load_more) {          if (typeof load_more == \"undefined\") {            var load_more = false;          }          if (jQuery(cur).hasClass('disabled')) {            return false;          }          var items_county_1 = 1;          switch (y) {            case 1:              if (x >= items_county_1) {                document.getElementById('page_number_1').value = items_county_1;              }              else {                document.getElementById('page_number_1').value = x + 1;              }              break;            case 2:              document.getElementById('page_number_1').value = items_county_1;              break;            case -1:              if (x == 1) {                document.getElementById('page_number_1').value = 1;              }              else {                document.getElementById('page_number_1').value = x - 1;              }              break;            case -2:              document.getElementById('page_number_1').value = 1;              break;\t\t\t\t\t\tcase 0:              document.getElementById('page_number_1').value = x;              break;            default:              document.getElementById('page_number_1').value = 1;          }          bwg_ajax('gal_front_form_1', '1', 'bwg_thumbnails_1', '0', '', 'gallery', 0, '', '', load_more, '', 1);        }                    jQuery('.first-page-1').on('click', function () {              spider_page_1(this, 1, -2, 'numeric');              return false;            });            jQuery('.prev-page-1').on('click', function () {              spider_page_1(this, 1, -1, 'numeric');              return false;            });            jQuery('.next-page-1').on('click', function () {              spider_page_1(this, 1, 1, 'numeric');              return false;            });            jQuery('.last-page-1').on('click', function () {              spider_page_1(this, 1, 2, 'numeric');              return false;            });        \t\t\t\t\/* Change page on input enter. *\/        function bwg_change_page_1( e, that ) {          if (  e.key == 'Enter' ) {            var to_page = parseInt(jQuery(that).val());            var pages_count = jQuery(that).parents(\".pagination-links\").data(\"pages-count\");            var current_url_param = jQuery(that).attr('data-url-info');            if (to_page > pages_count) {              to_page = 1;            }\t \t\t\t\t\t\t\t\t\t\t\t\tspider_page_1(this, to_page, 0, 'numeric');\t\t\t\t\t\t\treturn false;\t\t\t\t\t\t          }          return true;        }        jQuery('.bwg_load_btn_1').on('click', function () {            spider_page_1(this, 1, 1, true);            return false;        });      <\/script>      <\/span>                <\/div>        <\/form>              <\/div>    <\/div>    <script>      if (document.readyState === 'complete') {        if( typeof bwg_main_ready == 'function' ) {          if ( jQuery(\"#bwg_container1_1\").height() ) {            bwg_main_ready(jQuery(\"#bwg_container1_1\"));          }        }      } else {        document.addEventListener('DOMContentLoaded', function() {          if( typeof bwg_main_ready == 'function' ) {            if ( jQuery(\"#bwg_container1_1\").height() ) {             bwg_main_ready(jQuery(\"#bwg_container1_1\"));            }          }        });      }    <\/script>    <\/p>","protected":false},"excerpt":{"rendered":"<p>Une exploration de l\u2019identit\u00e9 \u201eIl y a toujours un peu de nous en autrui, un peu de l\u2019autre en nous\u201c \u00e9crit le philosophe fran\u00e7ais Oscar Br\u00e9nifier dans son \u00ab\u00a0livre\u00a0des grands contraires psychologiques\u00a0\u00bb (r\u00e9\u00e9dit\u00e9 chez Nathan en 2013 sous le tire\u00a0\u00a0Moi et mon contraire). Les \u00e9l\u00e8ves de l\u2019\u00e9cole de th\u00e9\u00e2tre de\u2026 <a class=\"continue-reading-link\" href=\"https:\/\/atelier-inter-kultur.de\/fr\/ich-ist-ein-teil-von-dir\/\">Lire la suite<\/a><\/p>\n","protected":false},"author":1,"featured_media":0,"comment_status":"closed","ping_status":"closed","sticky":false,"template":"","format":"standard","meta":{"footnotes":""},"categories":[3,17,6],"tags":[9,7,8],"_links":{"self":[{"href":"https:\/\/atelier-inter-kultur.de\/fr\/wp-json\/wp\/v2\/posts\/7"}],"collection":[{"href":"https:\/\/atelier-inter-kultur.de\/fr\/wp-json\/wp\/v2\/posts"}],"about":[{"href":"https:\/\/atelier-inter-kultur.de\/fr\/wp-json\/wp\/v2\/types\/post"}],"author":[{"embeddable":true,"href":"https:\/\/atelier-inter-kultur.de\/fr\/wp-json\/wp\/v2\/users\/1"}],"replies":[{"embeddable":true,"href":"https:\/\/atelier-inter-kultur.de\/fr\/wp-json\/wp\/v2\/comments?post=7"}],"version-history":[{"count":27,"href":"https:\/\/atelier-inter-kultur.de\/fr\/wp-json\/wp\/v2\/posts\/7\/revisions"}],"predecessor-version":[{"id":440,"href":"https:\/\/atelier-inter-kultur.de\/fr\/wp-json\/wp\/v2\/posts\/7\/revisions\/440"}],"wp:attachment":[{"href":"https:\/\/atelier-inter-kultur.de\/fr\/wp-json\/wp\/v2\/media?parent=7"}],"wp:term":[{"taxonomy":"category","embeddable":true,"href":"https:\/\/atelier-inter-kultur.de\/fr\/wp-json\/wp\/v2\/categories?post=7"},{"taxonomy":"post_tag","embeddable":true,"href":"https:\/\/atelier-inter-kultur.de\/fr\/wp-json\/wp\/v2\/tags?post=7"}],"curies":[{"name":"wp","href":"https:\/\/api.w.org\/{rel}","templated":true}]}}